{"id":24,"date":"2020-11-29T15:45:23","date_gmt":"2020-11-29T15:45:23","guid":{"rendered":"http:\/\/stephantroesch.ch\/?p=24"},"modified":"2021-01-30T12:10:39","modified_gmt":"2021-01-30T12:10:39","slug":"franz-schuberts-winterreise-zu-gast-bei-kornelia-bruggmann","status":"publish","type":"post","link":"https:\/\/stephantroesch.ch\/index.php\/2020\/11\/29\/franz-schuberts-winterreise-zu-gast-bei-kornelia-bruggmann\/","title":{"rendered":"Franz Schuberts &#171;Winterreise&#187; zu Gast bei Kornelia Bruggmann"},"content":{"rendered":"\n<h3 class=\"wp-block-heading\">Begleitkonzert zur Bilderausstellung des Neunkircher Malers Stephan D\u00e4mpfle.<\/h3>\n\n\n\n<p id=\"viewer-dre2n\">Im Hause in Siblingen SH von Kornelia Bruggmann, freischaffende S\u00e4ngerin\/Stimmbildnerin, und ihrem Mann Andres Ehrismann, beides begnadete K\u00fcnstler und Musiker, begegnen sich im unrhythmischen Auf und Ab Menschen, von nah und fern, mit Freude und Interesse an Kunst, Musik, vertiefendem Austausch, zum gemeinsamen Sein, Innehalten, Beitragen, Zuh\u00f6ren, Geniessen . . .<\/p>\n\n\n\n<p id=\"viewer-e0t3o\">Seit der Vernissage vom 19.11.2020 sind unter dem Titel &#171;ein Lebenswerk&#187; zahlreiche Werke des verstorbenen K\u00fcnstlers Stephan D\u00e4mpfle aus Neunkirch SH ausgestellt. Am 28.11.2020 fand &#8211; umrahmt von Bildern des Malers &#8211; das Konzert zu Franz Schubert&#8217;s &#171;Winterreise&#187; statt, vorgetragen von Kornelia Bruggmann (Gesang), begleitet von Martin Schlumpf (Piano). Vorg\u00e4ngig des Konzerts wurden die G\u00e4ste mit archaischem Gesang und Klang-Mix von Kornelia Bruggmann und Andres Ehrismann, hervorgelockt vom Klangfl\u00fcgel und Piano, willkommen geheissen. Die Ausstellung &#171;Stephan D\u00e4mpfle&#187; dauert noch bis zum 19.12.2020. <\/p>\n\n\n\n<p id=\"viewer-e0t3o\">K\u00fcnstlerportraits: <a rel=\"noreferrer noopener\" href=\"http:\/\/korneliabruggmann.ch\/\" target=\"_blank\"><u>Kornelia Bruggmann<\/u><\/a> | <a rel=\"noreferrer noopener\" href=\"https:\/\/www.martinschlumpf.ch\/\" target=\"_blank\"><u>Martin Schlumpf<\/u><\/a><\/p>\n\n\n\n<div style=\"height:21px\" aria-hidden=\"true\" class=\"wp-block-spacer\"><\/div>\n\n\n\n<figure class=\"wp-block-image size-large\"><img loading=\"lazy\" decoding=\"async\" width=\"1024\" height=\"576\" src=\"https:\/\/stephantroesch.ch\/wp-content\/uploads\/2021\/01\/W5A0744-EXT-X1600-1024x576.jpg\" alt=\"\" class=\"wp-image-26\" srcset=\"https:\/\/stephantroesch.ch\/wp-content\/uploads\/2021\/01\/W5A0744-EXT-X1600-1024x576.jpg 1024w, https:\/\/stephantroesch.ch\/wp-content\/uploads\/2021\/01\/W5A0744-EXT-X1600-300x170.jpg 300w, https:\/\/stephantroesch.ch\/wp-content\/uploads\/2021\/01\/W5A0744-EXT-X1600-768x432.jpg 768w, https:\/\/stephantroesch.ch\/wp-content\/uploads\/2021\/01\/W5A0744-EXT-X1600-1536x864.jpg 1536w, https:\/\/stephantroesch.ch\/wp-content\/uploads\/2021\/01\/W5A0744-EXT-X1600-196x111.jpg 196w, https:\/\/stephantroesch.ch\/wp-content\/uploads\/2021\/01\/W5A0744-EXT-X1600-218x124.jpg 218w, https:\/\/stephantroesch.ch\/wp-content\/uploads\/2021\/01\/W5A0744-EXT-X1600-304x172.jpg 304w, https:\/\/stephantroesch.ch\/wp-content\/uploads\/2021\/01\/W5A0744-EXT-X1600-338x191.jpg 338w, https:\/\/stephantroesch.ch\/wp-content\/uploads\/2021\/01\/W5A0744-EXT-X1600-460x260.jpg 460w, https:\/\/stephantroesch.ch\/wp-content\/uploads\/2021\/01\/W5A0744-EXT-X1600.jpg 1600w\" sizes=\"auto, (max-width: 1024px) 100vw, 1024px\" \/><figcaption>Martin Schlumpf am Piano und Kornelia Bruggmann, Gesang<\/figcaption><\/figure>\n\n\n\n<div class=\"wp-block-group\"><div class=\"wp-block-group__inner-container is-layout-flow wp-block-group-is-layout-flow\">\n<h5 class=\"wp-block-heading\">Impressionen<\/h5>\n\n\n\n<figure class=\"wp-block-gallery alignwide columns-4 is-cropped wp-block-gallery-1 is-layout-flex wp-block-gallery-is-layout-flex\"><ul class=\"blocks-gallery-grid\"><li class=\"blocks-gallery-item\"><figure><a href=\"https:\/\/stephantroesch.ch\/wp-content\/uploads\/2021\/01\/W5A0652-EXT-2-X1600.jpg\" rel=\"lightbox[24]\"><img loading=\"lazy\" decoding=\"async\" width=\"150\" height=\"150\" src=\"https:\/\/stephantroesch.ch\/wp-content\/uploads\/2021\/01\/W5A0652-EXT-2-X1600-150x150.jpg\" alt=\"\" data-id=\"4424\" data-full-url=\"https:\/\/stephantroesch.ch\/wp-content\/uploads\/2021\/01\/W5A0652-EXT-2-X1600.jpg\" data-link=\"https:\/\/stephantroesch.ch\/index.php\/2021\/01\/25\/franz-schuberts-winterreise-zu-gast-bei-kornelia-bruggmann\/_w5a0652-ext-2-x1600\/\" class=\"wp-image-4424\"\/><\/a><\/figure><\/li><li class=\"blocks-gallery-item\"><figure><a href=\"https:\/\/stephantroesch.ch\/wp-content\/uploads\/2021\/01\/W5A0668-X1600.jpg\" rel=\"lightbox[24]\"><img loading=\"lazy\" decoding=\"async\" width=\"150\" height=\"150\" src=\"https:\/\/stephantroesch.ch\/wp-content\/uploads\/2021\/01\/W5A0668-X1600-150x150.jpg\" alt=\"\" data-id=\"4426\" data-full-url=\"https:\/\/stephantroesch.ch\/wp-content\/uploads\/2021\/01\/W5A0668-X1600.jpg\" data-link=\"https:\/\/stephantroesch.ch\/index.php\/2021\/01\/25\/franz-schuberts-winterreise-zu-gast-bei-kornelia-bruggmann\/_w5a0668-x1600\/\" class=\"wp-image-4426\"\/><\/a><\/figure><\/li><li class=\"blocks-gallery-item\"><figure><a href=\"https:\/\/stephantroesch.ch\/wp-content\/uploads\/2021\/01\/W5A0669-X1600.jpg\" rel=\"lightbox[24]\"><img loading=\"lazy\" decoding=\"async\" width=\"150\" height=\"150\" src=\"https:\/\/stephantroesch.ch\/wp-content\/uploads\/2021\/01\/W5A0669-X1600-150x150.jpg\" alt=\"\" data-id=\"4427\" data-full-url=\"https:\/\/stephantroesch.ch\/wp-content\/uploads\/2021\/01\/W5A0669-X1600.jpg\" data-link=\"https:\/\/stephantroesch.ch\/index.php\/2021\/01\/25\/franz-schuberts-winterreise-zu-gast-bei-kornelia-bruggmann\/_w5a0669-x1600\/\" class=\"wp-image-4427\"\/><\/a><\/figure><\/li><li class=\"blocks-gallery-item\"><figure><a href=\"https:\/\/stephantroesch.ch\/wp-content\/uploads\/2021\/01\/W5A0691-EXT-X1600.jpg\" rel=\"lightbox[24]\"><img loading=\"lazy\" decoding=\"async\" width=\"150\" height=\"150\" src=\"https:\/\/stephantroesch.ch\/wp-content\/uploads\/2021\/01\/W5A0691-EXT-X1600-150x150.jpg\" alt=\"\" data-id=\"4429\" data-full-url=\"https:\/\/stephantroesch.ch\/wp-content\/uploads\/2021\/01\/W5A0691-EXT-X1600.jpg\" data-link=\"https:\/\/stephantroesch.ch\/index.php\/2021\/01\/25\/franz-schuberts-winterreise-zu-gast-bei-kornelia-bruggmann\/_w5a0691-ext-x1600\/\" class=\"wp-image-4429\"\/><\/a><\/figure><\/li><li class=\"blocks-gallery-item\"><figure><a href=\"https:\/\/stephantroesch.ch\/wp-content\/uploads\/2021\/01\/W5A0714-EXT-X1600.jpg\" rel=\"lightbox[24]\"><img loading=\"lazy\" decoding=\"async\" width=\"150\" height=\"150\" src=\"https:\/\/stephantroesch.ch\/wp-content\/uploads\/2021\/01\/W5A0714-EXT-X1600-150x150.jpg\" alt=\"\" data-id=\"4430\" data-full-url=\"https:\/\/stephantroesch.ch\/wp-content\/uploads\/2021\/01\/W5A0714-EXT-X1600.jpg\" data-link=\"https:\/\/stephantroesch.ch\/index.php\/2021\/01\/25\/franz-schuberts-winterreise-zu-gast-bei-kornelia-bruggmann\/_w5a0714-ext-x1600\/\" class=\"wp-image-4430\"\/><\/a><\/figure><\/li><li class=\"blocks-gallery-item\"><figure><a href=\"https:\/\/stephantroesch.ch\/wp-content\/uploads\/2021\/01\/W5A0780-EXT-X1600.jpg\" rel=\"lightbox[24]\"><img loading=\"lazy\" decoding=\"async\" width=\"150\" height=\"150\" src=\"https:\/\/stephantroesch.ch\/wp-content\/uploads\/2021\/01\/W5A0780-EXT-X1600-150x150.jpg\" alt=\"\" data-id=\"4433\" data-full-url=\"https:\/\/stephantroesch.ch\/wp-content\/uploads\/2021\/01\/W5A0780-EXT-X1600.jpg\" data-link=\"https:\/\/stephantroesch.ch\/index.php\/2021\/01\/25\/franz-schuberts-winterreise-zu-gast-bei-kornelia-bruggmann\/_w5a0780-ext-x1600\/\" class=\"wp-image-4433\"\/><\/a><\/figure><\/li><li class=\"blocks-gallery-item\"><figure><a href=\"https:\/\/stephantroesch.ch\/wp-content\/uploads\/2021\/01\/W5A0855-EXT-x1600.jpg\" rel=\"lightbox[24]\"><img loading=\"lazy\" decoding=\"async\" width=\"150\" height=\"150\" src=\"https:\/\/stephantroesch.ch\/wp-content\/uploads\/2021\/01\/W5A0855-EXT-x1600-150x150.jpg\" alt=\"\" data-id=\"4435\" data-full-url=\"https:\/\/stephantroesch.ch\/wp-content\/uploads\/2021\/01\/W5A0855-EXT-x1600.jpg\" data-link=\"https:\/\/stephantroesch.ch\/index.php\/2021\/01\/25\/franz-schuberts-winterreise-zu-gast-bei-kornelia-bruggmann\/_w5a0855-ext-x1600\/\" class=\"wp-image-4435\"\/><\/a><\/figure><\/li><li class=\"blocks-gallery-item\"><figure><a href=\"https:\/\/stephantroesch.ch\/wp-content\/uploads\/2021\/01\/W5A0640-X1600.jpg\" rel=\"lightbox[24]\"><img loading=\"lazy\" decoding=\"async\" width=\"150\" height=\"150\" src=\"https:\/\/stephantroesch.ch\/wp-content\/uploads\/2021\/01\/W5A0640-X1600-150x150.jpg\" alt=\"\" data-id=\"4423\" data-full-url=\"https:\/\/stephantroesch.ch\/wp-content\/uploads\/2021\/01\/W5A0640-X1600.jpg\" data-link=\"https:\/\/stephantroesch.ch\/index.php\/2021\/01\/25\/franz-schuberts-winterreise-zu-gast-bei-kornelia-bruggmann\/_w5a0640-x1600\/\" class=\"wp-image-4423\"\/><\/a><\/figure><\/li><li class=\"blocks-gallery-item\"><figure><a href=\"https:\/\/stephantroesch.ch\/wp-content\/uploads\/2021\/01\/W5A0628-X1600.jpg\" rel=\"lightbox[24]\"><img loading=\"lazy\" decoding=\"async\" width=\"150\" height=\"150\" src=\"https:\/\/stephantroesch.ch\/wp-content\/uploads\/2021\/01\/W5A0628-X1600-150x150.jpg\" alt=\"\" data-id=\"4422\" data-full-url=\"https:\/\/stephantroesch.ch\/wp-content\/uploads\/2021\/01\/W5A0628-X1600.jpg\" data-link=\"https:\/\/stephantroesch.ch\/index.php\/2021\/01\/25\/franz-schuberts-winterreise-zu-gast-bei-kornelia-bruggmann\/_w5a0628-x1600\/\" class=\"wp-image-4422\"\/><\/a><\/figure><\/li><li class=\"blocks-gallery-item\"><figure><a href=\"https:\/\/stephantroesch.ch\/wp-content\/uploads\/2021\/01\/W5A0991-EXT-X1600.jpg\" rel=\"lightbox[24]\"><img loading=\"lazy\" decoding=\"async\" width=\"150\" height=\"150\" src=\"https:\/\/stephantroesch.ch\/wp-content\/uploads\/2021\/01\/W5A0991-EXT-X1600-150x150.jpg\" alt=\"\" data-id=\"4447\" data-full-url=\"https:\/\/stephantroesch.ch\/wp-content\/uploads\/2021\/01\/W5A0991-EXT-X1600.jpg\" data-link=\"https:\/\/stephantroesch.ch\/index.php\/2021\/01\/25\/franz-schuberts-winterreise-zu-gast-bei-kornelia-bruggmann\/_w5a0991-ext-x1600\/\" class=\"wp-image-4447\"\/><\/a><\/figure><\/li><li class=\"blocks-gallery-item\"><figure><a href=\"https:\/\/stephantroesch.ch\/wp-content\/uploads\/2021\/01\/W5A0984-X1600.jpg\" rel=\"lightbox[24]\"><img loading=\"lazy\" decoding=\"async\" width=\"150\" height=\"150\" src=\"https:\/\/stephantroesch.ch\/wp-content\/uploads\/2021\/01\/W5A0984-X1600-150x150.jpg\" alt=\"\" data-id=\"4445\" data-full-url=\"https:\/\/stephantroesch.ch\/wp-content\/uploads\/2021\/01\/W5A0984-X1600.jpg\" data-link=\"https:\/\/stephantroesch.ch\/index.php\/2021\/01\/25\/franz-schuberts-winterreise-zu-gast-bei-kornelia-bruggmann\/_w5a0984-x1600\/\" class=\"wp-image-4445\" srcset=\"https:\/\/stephantroesch.ch\/wp-content\/uploads\/2021\/01\/W5A0984-X1600-150x150.jpg 150w, https:\/\/stephantroesch.ch\/wp-content\/uploads\/2021\/01\/W5A0984-X1600-468x468.jpg 468w, https:\/\/stephantroesch.ch\/wp-content\/uploads\/2021\/01\/W5A0984-X1600-17x17.jpg 17w\" sizes=\"auto, (max-width: 150px) 100vw, 150px\" \/><\/a><\/figure><\/li><li class=\"blocks-gallery-item\"><figure><a href=\"https:\/\/stephantroesch.ch\/wp-content\/uploads\/2021\/01\/W5A0983-EXT-X1600.jpg\" rel=\"lightbox[24]\"><img loading=\"lazy\" decoding=\"async\" width=\"150\" height=\"150\" src=\"https:\/\/stephantroesch.ch\/wp-content\/uploads\/2021\/01\/W5A0983-EXT-X1600-150x150.jpg\" alt=\"\" data-id=\"4444\" data-full-url=\"https:\/\/stephantroesch.ch\/wp-content\/uploads\/2021\/01\/W5A0983-EXT-X1600.jpg\" data-link=\"https:\/\/stephantroesch.ch\/index.php\/2021\/01\/25\/franz-schuberts-winterreise-zu-gast-bei-kornelia-bruggmann\/_w5a0983-ext-x1600\/\" class=\"wp-image-4444\"\/><\/a><\/figure><\/li><li class=\"blocks-gallery-item\"><figure><a href=\"https:\/\/stephantroesch.ch\/wp-content\/uploads\/2021\/01\/W5A0935-EXT-X1600.jpg\" rel=\"lightbox[24]\"><img loading=\"lazy\" decoding=\"async\" width=\"150\" height=\"150\" src=\"https:\/\/stephantroesch.ch\/wp-content\/uploads\/2021\/01\/W5A0935-EXT-X1600-150x150.jpg\" alt=\"\" data-id=\"4441\" data-full-url=\"https:\/\/stephantroesch.ch\/wp-content\/uploads\/2021\/01\/W5A0935-EXT-X1600.jpg\" data-link=\"https:\/\/stephantroesch.ch\/index.php\/2021\/01\/25\/franz-schuberts-winterreise-zu-gast-bei-kornelia-bruggmann\/_w5a0935-ext-x1600\/\" class=\"wp-image-4441\"\/><\/a><\/figure><\/li><li class=\"blocks-gallery-item\"><figure><a href=\"https:\/\/stephantroesch.ch\/wp-content\/uploads\/2021\/01\/W5A0908-EXT-X1600.jpg\" rel=\"lightbox[24]\"><img loading=\"lazy\" decoding=\"async\" width=\"150\" height=\"150\" src=\"https:\/\/stephantroesch.ch\/wp-content\/uploads\/2021\/01\/W5A0908-EXT-X1600-150x150.jpg\" alt=\"\" data-id=\"4439\" data-full-url=\"https:\/\/stephantroesch.ch\/wp-content\/uploads\/2021\/01\/W5A0908-EXT-X1600.jpg\" data-link=\"https:\/\/stephantroesch.ch\/index.php\/2021\/01\/25\/franz-schuberts-winterreise-zu-gast-bei-kornelia-bruggmann\/_w5a0908-ext-x1600\/\" class=\"wp-image-4439\"\/><\/a><\/figure><\/li><li class=\"blocks-gallery-item\"><figure><a href=\"https:\/\/stephantroesch.ch\/wp-content\/uploads\/2021\/01\/W5A0893-EXT-X1600.jpg\" rel=\"lightbox[24]\"><img loading=\"lazy\" decoding=\"async\" width=\"150\" height=\"150\" src=\"https:\/\/stephantroesch.ch\/wp-content\/uploads\/2021\/01\/W5A0893-EXT-X1600-150x150.jpg\" alt=\"\" data-id=\"4438\" data-full-url=\"https:\/\/stephantroesch.ch\/wp-content\/uploads\/2021\/01\/W5A0893-EXT-X1600.jpg\" data-link=\"https:\/\/stephantroesch.ch\/index.php\/2021\/01\/25\/franz-schuberts-winterreise-zu-gast-bei-kornelia-bruggmann\/_w5a0893-ext-x1600\/\" class=\"wp-image-4438\"\/><\/a><\/figure><\/li><li class=\"blocks-gallery-item\"><figure><a href=\"https:\/\/stephantroesch.ch\/wp-content\/uploads\/2021\/01\/W5A0879-EXT-X1600.jpg\" rel=\"lightbox[24]\"><img loading=\"lazy\" decoding=\"async\" width=\"150\" height=\"150\" src=\"https:\/\/stephantroesch.ch\/wp-content\/uploads\/2021\/01\/W5A0879-EXT-X1600-150x150.jpg\" alt=\"\" data-id=\"4437\" data-full-url=\"https:\/\/stephantroesch.ch\/wp-content\/uploads\/2021\/01\/W5A0879-EXT-X1600.jpg\" data-link=\"https:\/\/stephantroesch.ch\/index.php\/2021\/01\/25\/franz-schuberts-winterreise-zu-gast-bei-kornelia-bruggmann\/_w5a0879-ext-x1600\/\" class=\"wp-image-4437\"\/><\/a><\/figure><\/li><\/ul><\/figure>\n<\/div><\/div>\n\n\n\n<h6 class=\"wp-block-heading\"><\/h6>\n\n\n\n<p><\/p>\n","protected":false},"excerpt":{"rendered":"<p>Begleitkonzert zur Bilderausstellung des Neunkircher Malers Stephan D\u00e4mpfle.<\/p>\n","protected":false},"author":1,"featured_media":4442,"comment_status":"open","ping_status":"open","sticky":false,"template":"","format":"standard","meta":{"_acf_changed":false,"footnotes":""},"categories":[13],"tags":[22,16,23,20,18,21,24],"class_list":["post-24","post","type-post","status-publish","format-standard","has-post-thumbnail","hentry","category-musik_kunst","tag-andres-ehrismann","tag-gesang","tag-hauskonzert","tag-klassik","tag-klavier","tag-kornelia-bruggmann","tag-martin-schlumpf"],"acf":[],"_links":{"self":[{"href":"https:\/\/stephantroesch.ch\/index.php\/wp-json\/wp\/v2\/posts\/24","targetHints":{"allow":["GET"]}}],"collection":[{"href":"https:\/\/stephantroesch.ch\/index.php\/wp-json\/wp\/v2\/posts"}],"about":[{"href":"https:\/\/stephantroesch.ch\/index.php\/wp-json\/wp\/v2\/types\/post"}],"author":[{"embeddable":true,"href":"https:\/\/stephantroesch.ch\/index.php\/wp-json\/wp\/v2\/users\/1"}],"replies":[{"embeddable":true,"href":"https:\/\/stephantroesch.ch\/index.php\/wp-json\/wp\/v2\/comments?post=24"}],"version-history":[{"count":26,"href":"https:\/\/stephantroesch.ch\/index.php\/wp-json\/wp\/v2\/posts\/24\/revisions"}],"predecessor-version":[{"id":4870,"href":"https:\/\/stephantroesch.ch\/index.php\/wp-json\/wp\/v2\/posts\/24\/revisions\/4870"}],"wp:featuredmedia":[{"embeddable":true,"href":"https:\/\/stephantroesch.ch\/index.php\/wp-json\/wp\/v2\/media\/4442"}],"wp:attachment":[{"href":"https:\/\/stephantroesch.ch\/index.php\/wp-json\/wp\/v2\/media?parent=24"}],"wp:term":[{"taxonomy":"category","embeddable":true,"href":"https:\/\/stephantroesch.ch\/index.php\/wp-json\/wp\/v2\/categories?post=24"},{"taxonomy":"post_tag","embeddable":true,"href":"https:\/\/stephantroesch.ch\/index.php\/wp-json\/wp\/v2\/tags?post=24"}],"curies":[{"name":"wp","href":"https:\/\/api.w.org\/{rel}","templated":true}]}}