{"id":4458,"date":"2020-12-23T21:40:41","date_gmt":"2020-12-23T21:40:41","guid":{"rendered":"http:\/\/stephantroesch.ch\/?p=4458"},"modified":"2021-01-30T21:09:03","modified_gmt":"2021-01-30T21:09:03","slug":"tremendo-duo-mit-flamenco-piano-und-gesang","status":"publish","type":"post","link":"https:\/\/stephantroesch.ch\/index.php\/2020\/12\/23\/tremendo-duo-mit-flamenco-piano-und-gesang\/","title":{"rendered":"&#171;Tremendo Duo&#187; mit Flamenco, Piano und Gesang"},"content":{"rendered":"\n<h3 class=\"wp-block-heading\">Maria Angeles Cuevas (Piano, Gesang) und Antonio Perujo (Flamenco, Perkussion) am weihn\u00e4chtlichen Hauskonzert im Klettgau<\/h3>\n\n\n\n<p>Im Musik- und Kunsthaus von Kornelia Bruggmann und Andres Ehrismann in Siblingen wurde die Finissage des verstorbenen Klettgauer Malers Stephan D\u00e4mpfle sowie die Ausstellung selbst mit dem Auftritt des &#171;Tremendo Duo&#8217;s&#187; gew\u00fcrdigt. Ein kleinem Publikum erlebte einen fantastischen K\u00fcnstlerabend in vorweihn\u00e4chtlicher Stimmung.<\/p>\n\n\n\n<div style=\"height:22px\" aria-hidden=\"true\" class=\"wp-block-spacer\"><\/div>\n\n\n\n<figure class=\"wp-block-image size-large is-style-default\"><img loading=\"lazy\" decoding=\"async\" width=\"1024\" height=\"683\" src=\"https:\/\/stephantroesch.ch\/wp-content\/uploads\/2021\/01\/2020-12-19-20-05-58-0941-EXT-X1600-1-1024x683.jpg\" alt=\"\" class=\"wp-image-4459\" srcset=\"https:\/\/stephantroesch.ch\/wp-content\/uploads\/2021\/01\/2020-12-19-20-05-58-0941-EXT-X1600-1-1024x683.jpg 1024w, https:\/\/stephantroesch.ch\/wp-content\/uploads\/2021\/01\/2020-12-19-20-05-58-0941-EXT-X1600-1-300x200.jpg 300w, https:\/\/stephantroesch.ch\/wp-content\/uploads\/2021\/01\/2020-12-19-20-05-58-0941-EXT-X1600-1-768x512.jpg 768w, https:\/\/stephantroesch.ch\/wp-content\/uploads\/2021\/01\/2020-12-19-20-05-58-0941-EXT-X1600-1-1536x1024.jpg 1536w, https:\/\/stephantroesch.ch\/wp-content\/uploads\/2021\/01\/2020-12-19-20-05-58-0941-EXT-X1600-1-930x620.jpg 930w, https:\/\/stephantroesch.ch\/wp-content\/uploads\/2021\/01\/2020-12-19-20-05-58-0941-EXT-X1600-1.jpg 1600w\" sizes=\"auto, (max-width: 1024px) 100vw, 1024px\" \/><figcaption>Antonio Perujo und Maria Angeles Cuevas zu Gast bei Kornelia Bruggmann (rechts).<\/figcaption><\/figure>\n\n\n\n<figure class=\"wp-block-image size-large is-style-default\"><img loading=\"lazy\" decoding=\"async\" width=\"1024\" height=\"819\" src=\"https:\/\/stephantroesch.ch\/wp-content\/uploads\/2021\/01\/2020-12-19-20-05-04-0910-EXT-X1600-1024x819.jpg\" alt=\"\" class=\"wp-image-4468\" srcset=\"https:\/\/stephantroesch.ch\/wp-content\/uploads\/2021\/01\/2020-12-19-20-05-04-0910-EXT-X1600-1024x819.jpg 1024w, https:\/\/stephantroesch.ch\/wp-content\/uploads\/2021\/01\/2020-12-19-20-05-04-0910-EXT-X1600-300x240.jpg 300w, https:\/\/stephantroesch.ch\/wp-content\/uploads\/2021\/01\/2020-12-19-20-05-04-0910-EXT-X1600-768x614.jpg 768w, https:\/\/stephantroesch.ch\/wp-content\/uploads\/2021\/01\/2020-12-19-20-05-04-0910-EXT-X1600-1536x1229.jpg 1536w, https:\/\/stephantroesch.ch\/wp-content\/uploads\/2021\/01\/2020-12-19-20-05-04-0910-EXT-X1600.jpg 1600w\" sizes=\"auto, (max-width: 1024px) 100vw, 1024px\" \/><figcaption>Flamencot\u00e4nzer Antonio Perujo<\/figcaption><\/figure>\n\n\n\n<figure class=\"wp-block-image size-large is-style-default\"><img loading=\"lazy\" decoding=\"async\" width=\"1024\" height=\"819\" src=\"https:\/\/stephantroesch.ch\/wp-content\/uploads\/2021\/01\/2020-12-19-19-23-48-0198-X1600-1024x819.jpg\" alt=\"\" class=\"wp-image-4461\" srcset=\"https:\/\/stephantroesch.ch\/wp-content\/uploads\/2021\/01\/2020-12-19-19-23-48-0198-X1600-1024x819.jpg 1024w, https:\/\/stephantroesch.ch\/wp-content\/uploads\/2021\/01\/2020-12-19-19-23-48-0198-X1600-300x240.jpg 300w, https:\/\/stephantroesch.ch\/wp-content\/uploads\/2021\/01\/2020-12-19-19-23-48-0198-X1600-768x614.jpg 768w, https:\/\/stephantroesch.ch\/wp-content\/uploads\/2021\/01\/2020-12-19-19-23-48-0198-X1600-1536x1229.jpg 1536w, https:\/\/stephantroesch.ch\/wp-content\/uploads\/2021\/01\/2020-12-19-19-23-48-0198-X1600.jpg 1600w\" sizes=\"auto, (max-width: 1024px) 100vw, 1024px\" \/><figcaption>Tremendo Duo<\/figcaption><\/figure>\n\n\n\n<figure class=\"wp-block-image size-large is-style-default\"><img loading=\"lazy\" decoding=\"async\" width=\"1024\" height=\"819\" src=\"https:\/\/stephantroesch.ch\/wp-content\/uploads\/2021\/01\/2020-12-19-19-20-40-0162-X1600-1024x819.jpg\" alt=\"\" class=\"wp-image-4460\" srcset=\"https:\/\/stephantroesch.ch\/wp-content\/uploads\/2021\/01\/2020-12-19-19-20-40-0162-X1600-1024x819.jpg 1024w, https:\/\/stephantroesch.ch\/wp-content\/uploads\/2021\/01\/2020-12-19-19-20-40-0162-X1600-300x240.jpg 300w, https:\/\/stephantroesch.ch\/wp-content\/uploads\/2021\/01\/2020-12-19-19-20-40-0162-X1600-768x614.jpg 768w, https:\/\/stephantroesch.ch\/wp-content\/uploads\/2021\/01\/2020-12-19-19-20-40-0162-X1600-1536x1229.jpg 1536w, https:\/\/stephantroesch.ch\/wp-content\/uploads\/2021\/01\/2020-12-19-19-20-40-0162-X1600-600x480.jpg 600w, https:\/\/stephantroesch.ch\/wp-content\/uploads\/2021\/01\/2020-12-19-19-20-40-0162-X1600.jpg 1600w\" sizes=\"auto, (max-width: 1024px) 100vw, 1024px\" \/><figcaption>Maria Angeles Cuevas<\/figcaption><\/figure>\n\n\n\n<figure class=\"wp-block-image size-large is-resized is-style-default\"><img loading=\"lazy\" decoding=\"async\" src=\"https:\/\/stephantroesch.ch\/wp-content\/uploads\/2021\/01\/2020-12-19-19-37-31-0399-X1600-683x1024.jpg\" alt=\"\" class=\"wp-image-4463\" width=\"820\" height=\"1230\" srcset=\"https:\/\/stephantroesch.ch\/wp-content\/uploads\/2021\/01\/2020-12-19-19-37-31-0399-X1600-683x1024.jpg 683w, https:\/\/stephantroesch.ch\/wp-content\/uploads\/2021\/01\/2020-12-19-19-37-31-0399-X1600-200x300.jpg 200w, https:\/\/stephantroesch.ch\/wp-content\/uploads\/2021\/01\/2020-12-19-19-37-31-0399-X1600-768x1152.jpg 768w, https:\/\/stephantroesch.ch\/wp-content\/uploads\/2021\/01\/2020-12-19-19-37-31-0399-X1600-1024x1536.jpg 1024w, https:\/\/stephantroesch.ch\/wp-content\/uploads\/2021\/01\/2020-12-19-19-37-31-0399-X1600.jpg 1067w\" sizes=\"auto, (max-width: 820px) 100vw, 820px\" \/><figcaption>Antonio Perujo stampft auf dem massiven Riemenboden Flamenco<\/figcaption><\/figure>\n\n\n\n<figure class=\"wp-block-image size-large is-style-default\"><img loading=\"lazy\" decoding=\"async\" width=\"819\" height=\"1024\" src=\"https:\/\/stephantroesch.ch\/wp-content\/uploads\/2021\/01\/2020-12-19-19-26-13-0254-EXT-X1600-819x1024.jpg\" alt=\"\" class=\"wp-image-4462\" srcset=\"https:\/\/stephantroesch.ch\/wp-content\/uploads\/2021\/01\/2020-12-19-19-26-13-0254-EXT-X1600-819x1024.jpg 819w, https:\/\/stephantroesch.ch\/wp-content\/uploads\/2021\/01\/2020-12-19-19-26-13-0254-EXT-X1600-240x300.jpg 240w, https:\/\/stephantroesch.ch\/wp-content\/uploads\/2021\/01\/2020-12-19-19-26-13-0254-EXT-X1600-768x960.jpg 768w, https:\/\/stephantroesch.ch\/wp-content\/uploads\/2021\/01\/2020-12-19-19-26-13-0254-EXT-X1600-1229x1536.jpg 1229w, https:\/\/stephantroesch.ch\/wp-content\/uploads\/2021\/01\/2020-12-19-19-26-13-0254-EXT-X1600.jpg 1280w\" sizes=\"auto, (max-width: 819px) 100vw, 819px\" \/><figcaption>Bezaubernde Stimme: Maria Angeles Cuevas<\/figcaption><\/figure>\n\n\n\n<figure class=\"wp-block-image size-large is-style-default\"><img loading=\"lazy\" decoding=\"async\" width=\"1024\" height=\"683\" src=\"https:\/\/stephantroesch.ch\/wp-content\/uploads\/2021\/01\/2020-12-19-22-12-09-1369-X1600-1024x683.jpg\" alt=\"\" class=\"wp-image-4473\" srcset=\"https:\/\/stephantroesch.ch\/wp-content\/uploads\/2021\/01\/2020-12-19-22-12-09-1369-X1600-1024x683.jpg 1024w, https:\/\/stephantroesch.ch\/wp-content\/uploads\/2021\/01\/2020-12-19-22-12-09-1369-X1600-300x200.jpg 300w, https:\/\/stephantroesch.ch\/wp-content\/uploads\/2021\/01\/2020-12-19-22-12-09-1369-X1600-768x512.jpg 768w, https:\/\/stephantroesch.ch\/wp-content\/uploads\/2021\/01\/2020-12-19-22-12-09-1369-X1600-1536x1024.jpg 1536w, https:\/\/stephantroesch.ch\/wp-content\/uploads\/2021\/01\/2020-12-19-22-12-09-1369-X1600-930x620.jpg 930w, https:\/\/stephantroesch.ch\/wp-content\/uploads\/2021\/01\/2020-12-19-22-12-09-1369-X1600.jpg 1600w\" sizes=\"auto, (max-width: 1024px) 100vw, 1024px\" \/><figcaption>Nina Corti tanzt eine Flamencoimprovisation<\/figcaption><\/figure>\n\n\n\n<figure class=\"wp-block-image size-large is-style-default\"><img loading=\"lazy\" decoding=\"async\" width=\"1024\" height=\"683\" src=\"https:\/\/stephantroesch.ch\/wp-content\/uploads\/2021\/01\/2020-12-19-22-10-57-1353-EXT-X1600-1024x683.jpg\" alt=\"\" class=\"wp-image-4472\" srcset=\"https:\/\/stephantroesch.ch\/wp-content\/uploads\/2021\/01\/2020-12-19-22-10-57-1353-EXT-X1600-1024x683.jpg 1024w, https:\/\/stephantroesch.ch\/wp-content\/uploads\/2021\/01\/2020-12-19-22-10-57-1353-EXT-X1600-300x200.jpg 300w, https:\/\/stephantroesch.ch\/wp-content\/uploads\/2021\/01\/2020-12-19-22-10-57-1353-EXT-X1600-768x512.jpg 768w, https:\/\/stephantroesch.ch\/wp-content\/uploads\/2021\/01\/2020-12-19-22-10-57-1353-EXT-X1600-1536x1024.jpg 1536w, https:\/\/stephantroesch.ch\/wp-content\/uploads\/2021\/01\/2020-12-19-22-10-57-1353-EXT-X1600-930x620.jpg 930w, https:\/\/stephantroesch.ch\/wp-content\/uploads\/2021\/01\/2020-12-19-22-10-57-1353-EXT-X1600.jpg 1600w\" sizes=\"auto, (max-width: 1024px) 100vw, 1024px\" \/><figcaption>Flamencot\u00e4nzerin Nina Corti<\/figcaption><\/figure>\n","protected":false},"excerpt":{"rendered":"<p>Maria Angeles Cuevas (Piano, Gesang) und Antonio Perujo (Flamenco, Perkussion) am weihn\u00e4chtlichen Hauskonzert im Klettgau<\/p>\n","protected":false},"author":1,"featured_media":4460,"comment_status":"open","ping_status":"open","sticky":false,"template":"","format":"standard","meta":{"_acf_changed":false,"footnotes":""},"categories":[2,13],"tags":[22,16,23,21,83,34],"class_list":["post-4458","post","type-post","status-publish","format-standard","has-post-thumbnail","hentry","category-flamenco","category-musik_kunst","tag-andres-ehrismann","tag-gesang","tag-hauskonzert","tag-kornelia-bruggmann","tag-nina-corti","tag-piano"],"acf":[],"_links":{"self":[{"href":"https:\/\/stephantroesch.ch\/index.php\/wp-json\/wp\/v2\/posts\/4458","targetHints":{"allow":["GET"]}}],"collection":[{"href":"https:\/\/stephantroesch.ch\/index.php\/wp-json\/wp\/v2\/posts"}],"about":[{"href":"https:\/\/stephantroesch.ch\/index.php\/wp-json\/wp\/v2\/types\/post"}],"author":[{"embeddable":true,"href":"https:\/\/stephantroesch.ch\/index.php\/wp-json\/wp\/v2\/users\/1"}],"replies":[{"embeddable":true,"href":"https:\/\/stephantroesch.ch\/index.php\/wp-json\/wp\/v2\/comments?post=4458"}],"version-history":[{"count":15,"href":"https:\/\/stephantroesch.ch\/index.php\/wp-json\/wp\/v2\/posts\/4458\/revisions"}],"predecessor-version":[{"id":4868,"href":"https:\/\/stephantroesch.ch\/index.php\/wp-json\/wp\/v2\/posts\/4458\/revisions\/4868"}],"wp:featuredmedia":[{"embeddable":true,"href":"https:\/\/stephantroesch.ch\/index.php\/wp-json\/wp\/v2\/media\/4460"}],"wp:attachment":[{"href":"https:\/\/stephantroesch.ch\/index.php\/wp-json\/wp\/v2\/media?parent=4458"}],"wp:term":[{"taxonomy":"category","embeddable":true,"href":"https:\/\/stephantroesch.ch\/index.php\/wp-json\/wp\/v2\/categories?post=4458"},{"taxonomy":"post_tag","embeddable":true,"href":"https:\/\/stephantroesch.ch\/index.php\/wp-json\/wp\/v2\/tags?post=4458"}],"curies":[{"name":"wp","href":"https:\/\/api.w.org\/{rel}","templated":true}]}}