{"id":5539,"date":"2021-03-06T13:35:43","date_gmt":"2021-03-06T13:35:43","guid":{"rendered":"http:\/\/stephantroesch.ch\/?p=5539"},"modified":"2021-03-06T19:05:09","modified_gmt":"2021-03-06T19:05:09","slug":"grenzgaengerinnen-ein-kuenstlerisches-projekt-mit-performance-stimme-und-koerper-entsteht-mit-schoepferischer-initiative-aus-schaffhausen","status":"publish","type":"post","link":"https:\/\/stephantroesch.ch\/index.php\/2021\/03\/06\/grenzgaengerinnen-ein-kuenstlerisches-projekt-mit-performance-stimme-und-koerper-entsteht-mit-schoepferischer-initiative-aus-schaffhausen\/","title":{"rendered":"grenzg\u00e4nger:innen &#8212; ein k\u00fcnstlerisches Projekt mit Performance, Stimme und K\u00f6rper entsteht mit sch\u00f6pferischer Initiative aus Schaffhausen"},"content":{"rendered":"<div class=\"wpb-content-wrapper\"><p>[vc_row][vc_column][vc_column_text]<\/p>\n<h3>Eine sinnliche Performance im Feld der Klangforschung jenseits der abendl\u00e4ndischen Konzertmusik<\/h3>\n<p>[\/vc_column_text][vc_column_text]Die Schaffhauser Stimm- und Klangk\u00fcnstlerin Kornelia Bruggmann hat ein neues Projekt lanciert und dabei die bekannten Musiker:innen Christian Zehnder und Joana Aderi mit ins Boot geholt.<\/p>\n<p>&#171;Im Zentrum des Projekts von <strong>Kornelia Bruggman<\/strong> steht die experimentelle Performance in der Umsetzung der Urauff\u00fchrung des etablierten Schweizer Komponisten und mehrfachen Preistr\u00e4gers <strong>Christian Zehnder<\/strong>. Die beiden K\u00fcnstler:innen verbindet ein gemeinsames Interesse an der k\u00fcnstlerischen Nische im Feld der Obertonstrukturen musikalischer Ereignisse&#187;, beschreibt der f\u00fcr die Produktion zust\u00e4ndige <strong>David Leuthold<\/strong> das Projekt und die Hauptprotagonisten.<\/p>\n<p>Das Projektteam:<\/p>\n<p><strong>Kornelia Bruggmann<\/strong> &#8212; K\u00fcnstlerische Leitung, Konzept, Performance, Stimme, K\u00f6rper \u2192 <a href=\"http:\/\/korneliabruggmann.ch\/\">Website<\/a><br \/>\n<strong>Christian Zehnder <\/strong>&#8212; Komposition, Konzept \u2192\u00a0 <a href=\"https:\/\/new-space-mountain.ch\/0\/news\/\">Website<\/a><br \/>\n<strong>Joana Aderi<\/strong> &#8212; Komposition, Konzept, Performance, Elektronic \u2192 <a href=\"https:\/\/www.eiko-music.com\/\">Website<\/a><br \/>\nDie Schaffhauserin <strong>Angie M\u00fcller<\/strong> &#8212; Choreografie, Tourbegleitung \u2192 \u00a0<a href=\"https:\/\/www.mueller-und-kuch.com\/cv\">Website<\/a><br \/>\n<strong>Niki Wiese<\/strong> &#8212; Visuelle Gestaltung \u2192 <a href=\"https:\/\/ch.linkedin.com\/in\/niki-wiese-131175157\">Website<\/a><br \/>\n<strong>David Leuthold<\/strong> &#8212; Produktion \u2192 <a href=\"https:\/\/www.davidleuthold.ch\/\">Website<\/a> . . . und<br \/>\nDer Schaffhauser Fotograf <strong>Stephan Tr\u00f6sch<\/strong> (Fotografie, Video)<\/p>\n<p>Ich freue mich sehr auf diese neue Erfahrung und Herausforderung, mich in ein grosses k\u00fcnstlerisches Experiment einzubringen und das Projekt fotografisch\/filmisch zu begleiten und dokumentieren.<\/p>\n<p>Bis in das Fr\u00fchjahr 2022 l\u00e4uft die Kompositions- und Probephase. Die <strong>Auff\u00fchrungen sind zwischen Juni 2022 und Mai 2023<\/strong> vorgesehen.<\/p>\n<p>Im neu er\u00f6ffneten Themenbereich <strong>&#171;grenzg\u00e4nger:innen&#187;<\/strong> wird in unregelm\u00e4ssigen Abst\u00e4nden \u00fcber den Verlauf des Projekts berichtet.<\/p>\n<p>&nbsp;<\/p>\n<p>Nachfolgend einige Impressionen aus dem Training von <strong>Kornelia Bruggmann<\/strong> bei <strong>Choreografin Angie M\u00fcller<\/strong> vom Januar 2021 in der Kammgarn West Schaffhausen.[\/vc_column_text][\/vc_column][\/vc_row][vc_row][vc_column][vc_single_image image=&#187;5548&#8243; img_size=&#187;full&#187;][vc_single_image image=&#187;5549&#8243; img_size=&#187;full&#187;][vc_single_image image=&#187;5550&#8243; img_size=&#187;full&#187; title=&#187;Kornelia Bruggmann&#187;][vc_single_image image=&#187;5551&#8243; img_size=&#187;full&#187; title=&#187;Angie M\u00fcller&#187;][vc_single_image image=&#187;5553&#8243; img_size=&#187;full&#187;][vc_single_image image=&#187;5554&#8243; img_size=&#187;full&#187;][\/vc_column][\/vc_row]<\/p>\n<\/div>","protected":false},"excerpt":{"rendered":"<p>Eine sinnliche Performance im Feld der Klangforschung jenseits der abendl\u00e4ndischen Konzertmusik<\/p>\n","protected":false},"author":1,"featured_media":5547,"comment_status":"open","ping_status":"open","sticky":false,"template":"","format":"standard","meta":{"_acf_changed":false,"footnotes":""},"categories":[116,13],"tags":[117,119,123,120,124,21,118,122],"class_list":["post-5539","post","type-post","status-publish","format-standard","has-post-thumbnail","hentry","category-grenzgaengerinnen","category-musik_kunst","tag-angie-mueller","tag-grenzgaengerinnen","tag-improvisation","tag-kammgarn-schaffhausen","tag-komposition","tag-kornelia-bruggmann","tag-performance","tag-projekte"],"acf":[],"_links":{"self":[{"href":"https:\/\/stephantroesch.ch\/index.php\/wp-json\/wp\/v2\/posts\/5539","targetHints":{"allow":["GET"]}}],"collection":[{"href":"https:\/\/stephantroesch.ch\/index.php\/wp-json\/wp\/v2\/posts"}],"about":[{"href":"https:\/\/stephantroesch.ch\/index.php\/wp-json\/wp\/v2\/types\/post"}],"author":[{"embeddable":true,"href":"https:\/\/stephantroesch.ch\/index.php\/wp-json\/wp\/v2\/users\/1"}],"replies":[{"embeddable":true,"href":"https:\/\/stephantroesch.ch\/index.php\/wp-json\/wp\/v2\/comments?post=5539"}],"version-history":[{"count":16,"href":"https:\/\/stephantroesch.ch\/index.php\/wp-json\/wp\/v2\/posts\/5539\/revisions"}],"predecessor-version":[{"id":5563,"href":"https:\/\/stephantroesch.ch\/index.php\/wp-json\/wp\/v2\/posts\/5539\/revisions\/5563"}],"wp:featuredmedia":[{"embeddable":true,"href":"https:\/\/stephantroesch.ch\/index.php\/wp-json\/wp\/v2\/media\/5547"}],"wp:attachment":[{"href":"https:\/\/stephantroesch.ch\/index.php\/wp-json\/wp\/v2\/media?parent=5539"}],"wp:term":[{"taxonomy":"category","embeddable":true,"href":"https:\/\/stephantroesch.ch\/index.php\/wp-json\/wp\/v2\/categories?post=5539"},{"taxonomy":"post_tag","embeddable":true,"href":"https:\/\/stephantroesch.ch\/index.php\/wp-json\/wp\/v2\/tags?post=5539"}],"curies":[{"name":"wp","href":"https:\/\/api.w.org\/{rel}","templated":true}]}}