{"id":6674,"date":"2021-12-26T17:25:59","date_gmt":"2021-12-26T17:25:59","guid":{"rendered":"https:\/\/stephantroesch.ch\/?p=6674"},"modified":"2021-12-26T17:26:34","modified_gmt":"2021-12-26T17:26:34","slug":"grenzgaengerinnen-fortgesetzte-fotografische-begleitung-dieses-ambitioesen-kuenstlerinnen-projekts","status":"publish","type":"post","link":"https:\/\/stephantroesch.ch\/index.php\/2021\/12\/26\/grenzgaengerinnen-fortgesetzte-fotografische-begleitung-dieses-ambitioesen-kuenstlerinnen-projekts\/","title":{"rendered":"Grenzg\u00e4nger:Innen &#8212; fortgesetzte fotografische Begleitung dieses ambiti\u00f6sen K\u00fcnstler:Innen-Projekts"},"content":{"rendered":"<div class=\"wpb-content-wrapper\"><p>[vc_row][vc_column][vc_column_text]<\/p>\n<h3>Mit Kornelia Bruggmann (K\u00fcnstlerische Leitung, Konzept, Gesang, K\u00f6rper), Joana Aderi (Komposition, Electronics) und Niki Wiese (Visuelle Gestaltung) in der Kammgarn West in Schaffhausen.<\/h3>\n<p>[\/vc_column_text][vc_column_text]Eine Auswahl meiner fotografischen Arbeiten aus der k\u00fcnstlerischen Probe vom 24.06.2021 in der Kammgarn West.[\/vc_column_text][\/vc_column][\/vc_row][vc_row][vc_column][vc_media_grid element_width=&#187;12&#8243; item=&#187;masonryMedia_Default&#187; initial_loading_animation=&#187;none&#187; grid_id=&#187;vc_gid:1640539444867-14db7bef-5961-0&#8243; include=&#187;6688,6687,6685,6684,6683,6682,6681,6680,6679,6678,6691&#8243;][\/vc_column][\/vc_row]<\/p>\n<\/div>","protected":false},"excerpt":{"rendered":"<p>[vc_row][vc_column][vc_column_text] Mit Kornelia Bruggmann (K\u00fcnstlerische Leitung, Konzept, Gesang, K\u00f6rper), Joana Aderi (Komposition, Electronics) und Niki Wiese (Visuelle Gestaltung) in der Kammgarn West in Schaffhausen. [\/vc_column_text][vc_column_text]Eine Auswahl meiner fotografischen Arbeiten aus der k\u00fcnstlerischen Probe vom 24.06.2021 in der Kammgarn West.[\/vc_column_text][\/vc_column][\/vc_row][vc_row][vc_column][vc_media_grid element_width=&#187;12&#8243; item=&#187;masonryMedia_Default&#187; initial_loading_animation=&#187;none&#187; grid_id=&#187;vc_gid:1640539444867-14db7bef-5961-0&#8243; include=&#187;6688,6687,6685,6684,6683,6682,6681,6680,6679,6678,6691&#8243;][\/vc_column][\/vc_row]<\/p>\n","protected":false},"author":1,"featured_media":6686,"comment_status":"open","ping_status":"open","sticky":false,"template":"","format":"standard","meta":{"_acf_changed":false,"footnotes":""},"categories":[7,116,13],"tags":[137,120,21,136],"class_list":["post-6674","post","type-post","status-publish","format-standard","has-post-thumbnail","hentry","category-fotografie","category-grenzgaengerinnen","category-musik_kunst","tag-joana-aderi","tag-kammgarn-schaffhausen","tag-kornelia-bruggmann","tag-niki-wiese"],"acf":[],"_links":{"self":[{"href":"https:\/\/stephantroesch.ch\/index.php\/wp-json\/wp\/v2\/posts\/6674","targetHints":{"allow":["GET"]}}],"collection":[{"href":"https:\/\/stephantroesch.ch\/index.php\/wp-json\/wp\/v2\/posts"}],"about":[{"href":"https:\/\/stephantroesch.ch\/index.php\/wp-json\/wp\/v2\/types\/post"}],"author":[{"embeddable":true,"href":"https:\/\/stephantroesch.ch\/index.php\/wp-json\/wp\/v2\/users\/1"}],"replies":[{"embeddable":true,"href":"https:\/\/stephantroesch.ch\/index.php\/wp-json\/wp\/v2\/comments?post=6674"}],"version-history":[{"count":9,"href":"https:\/\/stephantroesch.ch\/index.php\/wp-json\/wp\/v2\/posts\/6674\/revisions"}],"predecessor-version":[{"id":6695,"href":"https:\/\/stephantroesch.ch\/index.php\/wp-json\/wp\/v2\/posts\/6674\/revisions\/6695"}],"wp:featuredmedia":[{"embeddable":true,"href":"https:\/\/stephantroesch.ch\/index.php\/wp-json\/wp\/v2\/media\/6686"}],"wp:attachment":[{"href":"https:\/\/stephantroesch.ch\/index.php\/wp-json\/wp\/v2\/media?parent=6674"}],"wp:term":[{"taxonomy":"category","embeddable":true,"href":"https:\/\/stephantroesch.ch\/index.php\/wp-json\/wp\/v2\/categories?post=6674"},{"taxonomy":"post_tag","embeddable":true,"href":"https:\/\/stephantroesch.ch\/index.php\/wp-json\/wp\/v2\/tags?post=6674"}],"curies":[{"name":"wp","href":"https:\/\/api.w.org\/{rel}","templated":true}]}}